{"id":92,"date":"2018-05-17T12:48:43","date_gmt":"2018-05-17T10:48:43","guid":{"rendered":"https:\/\/kinderarzt-ahrens.de\/?p=92"},"modified":"2024-07-05T15:15:36","modified_gmt":"2024-07-05T13:15:36","slug":"schwerpunkte","status":"publish","type":"post","link":"https:\/\/www.kinderarzt-ahrens.de\/index.php\/uncategorized\/schwerpunkte\/","title":{"rendered":"Schwerpunkte"},"content":{"rendered":"\t\t<div data-elementor-type=\"wp-post\" data-elementor-id=\"92\" class=\"elementor elementor-92\">\n\t\t\t\t<div class=\"elementor-element elementor-element-2da832e e-flex e-con-boxed e-con e-parent\" data-id=\"2da832e\" data-element_type=\"container\">\n\t\t\t\t\t<div class=\"e-con-inner\">\n\t\t\t\t<div class=\"elementor-element elementor-element-0fec05e elementor-widget elementor-widget-text-editor\" data-id=\"0fec05e\" data-element_type=\"widget\" data-settings=\"{&quot;_animation&quot;:&quot;none&quot;}\" data-widget_type=\"text-editor.default\">\n\t\t\t\t<div class=\"elementor-widget-container\">\n\t\t\t<style>\/*! elementor - v3.22.0 - 26-06-2024 *\/\n.elementor-widget-text-editor.elementor-drop-cap-view-stacked .elementor-drop-cap{background-color:#69727d;color:#fff}.elementor-widget-text-editor.elementor-drop-cap-view-framed .elementor-drop-cap{color:#69727d;border:3px solid;background-color:transparent}.elementor-widget-text-editor:not(.elementor-drop-cap-view-default) .elementor-drop-cap{margin-top:8px}.elementor-widget-text-editor:not(.elementor-drop-cap-view-default) .elementor-drop-cap-letter{width:1em;height:1em}.elementor-widget-text-editor .elementor-drop-cap{float:left;text-align:center;line-height:1;font-size:50px}.elementor-widget-text-editor .elementor-drop-cap-letter{display:inline-block}<\/style>\t\t\t\t<p><span style=\"color: #000000;\">Neben den allen Angeboten einer modernen Kinder- und Jugendarztpraxis bieten wir zus\u00e4tzlich verschiedene medizinischen Schwerpunkte an.\u00a0<\/span><\/p>\t\t\t\t\t\t<\/div>\n\t\t\t\t<\/div>\n\t\t\t\t\t<\/div>\n\t\t\t\t<\/div>\n\t\t<div class=\"elementor-element elementor-element-6e91bbf e-flex e-con-boxed e-con e-parent\" data-id=\"6e91bbf\" data-element_type=\"container\" data-settings=\"{&quot;animation&quot;:&quot;none&quot;}\">\n\t\t\t\t\t<div class=\"e-con-inner\">\n\t\t<div class=\"elementor-element elementor-element-a5807f9 e-con-full e-flex e-con e-child\" data-id=\"a5807f9\" data-element_type=\"container\">\n\t\t\t\t<div class=\"elementor-element elementor-element-6710d8c elementor-invisible elementor-widget elementor-widget-image\" data-id=\"6710d8c\" data-element_type=\"widget\" data-settings=\"{&quot;_animation&quot;:&quot;fadeIn&quot;}\" data-widget_type=\"image.default\">\n\t\t\t\t<div class=\"elementor-widget-container\">\n\t\t\t<style>\/*! elementor - v3.22.0 - 26-06-2024 *\/\n.elementor-widget-image{text-align:center}.elementor-widget-image a{display:inline-block}.elementor-widget-image a img[src$=\".svg\"]{width:48px}.elementor-widget-image img{vertical-align:middle;display:inline-block}<\/style>\t\t\t\t\t\t\t<figure class=\"wp-caption\">\n\t\t\t\t\t\t\t\t\t\t\t<a href=\"https:\/\/kinderarzt-ahrens.de\/index.php\/leistungsspektrum\/schwerpunkte\/kinder-pneumologie-lungenheilkunde\/\">\n\t\t\t\t\t\t\t<img fetchpriority=\"high\" decoding=\"async\" width=\"2560\" height=\"1707\" src=\"https:\/\/www.kinderarzt-ahrens.de\/wp-content\/uploads\/2024\/01\/allen-taylor-dAMvcGb8Vog-unsplash-scaled.jpg\" class=\"elementor-animation-grow attachment-full size-full wp-image-892\" alt=\"\" srcset=\"https:\/\/www.kinderarzt-ahrens.de\/wp-content\/uploads\/2024\/01\/allen-taylor-dAMvcGb8Vog-unsplash-scaled.jpg 2560w, https:\/\/www.kinderarzt-ahrens.de\/wp-content\/uploads\/2024\/01\/allen-taylor-dAMvcGb8Vog-unsplash-300x200.jpg 300w, https:\/\/www.kinderarzt-ahrens.de\/wp-content\/uploads\/2024\/01\/allen-taylor-dAMvcGb8Vog-unsplash-644x429.jpg 644w, https:\/\/www.kinderarzt-ahrens.de\/wp-content\/uploads\/2024\/01\/allen-taylor-dAMvcGb8Vog-unsplash-768x512.jpg 768w, https:\/\/www.kinderarzt-ahrens.de\/wp-content\/uploads\/2024\/01\/allen-taylor-dAMvcGb8Vog-unsplash-1536x1024.jpg 1536w, https:\/\/www.kinderarzt-ahrens.de\/wp-content\/uploads\/2024\/01\/allen-taylor-dAMvcGb8Vog-unsplash-2048x1365.jpg 2048w\" sizes=\"(max-width: 2560px) 100vw, 2560px\" \/>\t\t\t\t\t\t\t\t<\/a>\n\t\t\t\t\t\t\t\t\t\t\t<figcaption class=\"widget-image-caption wp-caption-text\">Kinder \u2013 Pneumologie <\/figcaption>\n\t\t\t\t\t\t\t\t\t\t<\/figure>\n\t\t\t\t\t\t\t<\/div>\n\t\t\t\t<\/div>\n\t\t\t\t<\/div>\n\t\t<div class=\"elementor-element elementor-element-2278492 e-con-full e-flex e-con e-child\" data-id=\"2278492\" data-element_type=\"container\">\n\t\t\t\t<div class=\"elementor-element elementor-element-884b80d elementor-invisible elementor-widget elementor-widget-image\" data-id=\"884b80d\" data-element_type=\"widget\" data-settings=\"{&quot;_animation&quot;:&quot;fadeIn&quot;}\" data-widget_type=\"image.default\">\n\t\t\t\t<div class=\"elementor-widget-container\">\n\t\t\t\t\t\t\t\t\t\t<figure class=\"wp-caption\">\n\t\t\t\t\t\t\t\t\t\t\t<a href=\"https:\/\/kinderarzt-ahrens.de\/index.php\/leistungsspektrum\/schwerpunkte\/neonatologie-neugeborenenmedizin\/\">\n\t\t\t\t\t\t\t<img decoding=\"async\" width=\"644\" height=\"429\" src=\"https:\/\/www.kinderarzt-ahrens.de\/wp-content\/uploads\/2024\/01\/minnie-zhou-0hiUWSi7jvs-unsplash-644x429.jpg\" class=\"elementor-animation-grow attachment-large size-large wp-image-977\" alt=\"\" srcset=\"https:\/\/www.kinderarzt-ahrens.de\/wp-content\/uploads\/2024\/01\/minnie-zhou-0hiUWSi7jvs-unsplash-644x429.jpg 644w, https:\/\/www.kinderarzt-ahrens.de\/wp-content\/uploads\/2024\/01\/minnie-zhou-0hiUWSi7jvs-unsplash-300x200.jpg 300w, https:\/\/www.kinderarzt-ahrens.de\/wp-content\/uploads\/2024\/01\/minnie-zhou-0hiUWSi7jvs-unsplash-768x512.jpg 768w, https:\/\/www.kinderarzt-ahrens.de\/wp-content\/uploads\/2024\/01\/minnie-zhou-0hiUWSi7jvs-unsplash-1536x1024.jpg 1536w, https:\/\/www.kinderarzt-ahrens.de\/wp-content\/uploads\/2024\/01\/minnie-zhou-0hiUWSi7jvs-unsplash-2048x1365.jpg 2048w\" sizes=\"(max-width: 644px) 100vw, 644px\" \/>\t\t\t\t\t\t\t\t<\/a>\n\t\t\t\t\t\t\t\t\t\t\t<figcaption class=\"widget-image-caption wp-caption-text\">Neonatologie<\/figcaption>\n\t\t\t\t\t\t\t\t\t\t<\/figure>\n\t\t\t\t\t\t\t<\/div>\n\t\t\t\t<\/div>\n\t\t\t\t<\/div>\n\t\t<div class=\"elementor-element elementor-element-1d463db e-con-full e-flex e-con e-child\" data-id=\"1d463db\" data-element_type=\"container\">\n\t\t\t\t<div class=\"elementor-element elementor-element-0196884 elementor-invisible elementor-widget elementor-widget-image\" data-id=\"0196884\" data-element_type=\"widget\" data-settings=\"{&quot;_animation&quot;:&quot;fadeIn&quot;}\" data-widget_type=\"image.default\">\n\t\t\t\t<div class=\"elementor-widget-container\">\n\t\t\t\t\t\t\t\t\t\t<figure class=\"wp-caption\">\n\t\t\t\t\t\t\t\t\t\t\t<a href=\"https:\/\/kinderarzt-ahrens.de\/index.php\/leistungsspektrum\/schwerpunkte\/allergologie\/\">\n\t\t\t\t\t\t\t<img decoding=\"async\" width=\"644\" height=\"429\" src=\"https:\/\/www.kinderarzt-ahrens.de\/wp-content\/uploads\/2024\/01\/daiga-ellaby-tIpx6MN2Tn0-unsplash-644x429.jpg\" class=\"elementor-animation-grow attachment-large size-large wp-image-1645\" alt=\"\" srcset=\"https:\/\/www.kinderarzt-ahrens.de\/wp-content\/uploads\/2024\/01\/daiga-ellaby-tIpx6MN2Tn0-unsplash-644x429.jpg 644w, https:\/\/www.kinderarzt-ahrens.de\/wp-content\/uploads\/2024\/01\/daiga-ellaby-tIpx6MN2Tn0-unsplash-300x200.jpg 300w, https:\/\/www.kinderarzt-ahrens.de\/wp-content\/uploads\/2024\/01\/daiga-ellaby-tIpx6MN2Tn0-unsplash-768x512.jpg 768w, https:\/\/www.kinderarzt-ahrens.de\/wp-content\/uploads\/2024\/01\/daiga-ellaby-tIpx6MN2Tn0-unsplash-1536x1024.jpg 1536w, https:\/\/www.kinderarzt-ahrens.de\/wp-content\/uploads\/2024\/01\/daiga-ellaby-tIpx6MN2Tn0-unsplash-2048x1365.jpg 2048w\" sizes=\"(max-width: 644px) 100vw, 644px\" \/>\t\t\t\t\t\t\t\t<\/a>\n\t\t\t\t\t\t\t\t\t\t\t<figcaption class=\"widget-image-caption wp-caption-text\">Allergologie<\/figcaption>\n\t\t\t\t\t\t\t\t\t\t<\/figure>\n\t\t\t\t\t\t\t<\/div>\n\t\t\t\t<\/div>\n\t\t\t\t<\/div>\n\t\t<div class=\"elementor-element elementor-element-8327736 e-con-full e-flex e-con e-child\" data-id=\"8327736\" data-element_type=\"container\">\n\t\t\t\t<div class=\"elementor-element elementor-element-63b7f2a elementor-widget elementor-widget-image\" data-id=\"63b7f2a\" data-element_type=\"widget\" data-widget_type=\"image.default\">\n\t\t\t\t<div class=\"elementor-widget-container\">\n\t\t\t\t\t\t\t\t\t\t<figure class=\"wp-caption\">\n\t\t\t\t\t\t\t\t\t\t\t<a href=\"https:\/\/www.kinderarzt-ahrens.de\/index.php\/uncategorized\/tauchmedizin\/\">\n\t\t\t\t\t\t\t<img loading=\"lazy\" decoding=\"async\" width=\"2560\" height=\"1707\" src=\"https:\/\/www.kinderarzt-ahrens.de\/wp-content\/uploads\/2024\/01\/Bild-27.01.24-um-20.08-scaled.jpeg\" class=\"elementor-animation-grow attachment-full size-full wp-image-1634\" alt=\"\" srcset=\"https:\/\/www.kinderarzt-ahrens.de\/wp-content\/uploads\/2024\/01\/Bild-27.01.24-um-20.08-scaled.jpeg 2560w, https:\/\/www.kinderarzt-ahrens.de\/wp-content\/uploads\/2024\/01\/Bild-27.01.24-um-20.08-300x200.jpeg 300w, https:\/\/www.kinderarzt-ahrens.de\/wp-content\/uploads\/2024\/01\/Bild-27.01.24-um-20.08-644x429.jpeg 644w, https:\/\/www.kinderarzt-ahrens.de\/wp-content\/uploads\/2024\/01\/Bild-27.01.24-um-20.08-768x512.jpeg 768w, https:\/\/www.kinderarzt-ahrens.de\/wp-content\/uploads\/2024\/01\/Bild-27.01.24-um-20.08-1536x1024.jpeg 1536w, https:\/\/www.kinderarzt-ahrens.de\/wp-content\/uploads\/2024\/01\/Bild-27.01.24-um-20.08-2048x1365.jpeg 2048w\" sizes=\"(max-width: 2560px) 100vw, 2560px\" \/>\t\t\t\t\t\t\t\t<\/a>\n\t\t\t\t\t\t\t\t\t\t\t<figcaption class=\"widget-image-caption wp-caption-text\">Tauchmedizin<\/figcaption>\n\t\t\t\t\t\t\t\t\t\t<\/figure>\n\t\t\t\t\t\t\t<\/div>\n\t\t\t\t<\/div>\n\t\t\t\t<\/div>\n\t\t\t\t\t<\/div>\n\t\t\t\t<\/div>\n\t\t\t\t<\/div>\n\t\t","protected":false},"excerpt":{"rendered":"<p>Zus\u00e4tzlich zur kinder\u00e4rztlichen Ausbildung, haben wir uns in Teilbereichen in besonderem Ma\u00dfe qualifiziert. In diesen Bereichen stehen wir fach\u00e4rztlich auch f\u00fcr zugewiesene Patienten mit speziellen Fragestellungen zur Verf\u00fcgung.   <\/p>\n","protected":false},"author":1,"featured_media":0,"comment_status":"closed","ping_status":"closed","sticky":false,"template":"","format":"standard","meta":{"_kad_post_transparent":"","_kad_post_title":"","_kad_post_layout":"","_kad_post_sidebar_id":"","_kad_post_content_style":"","_kad_post_vertical_padding":"","_kad_post_feature":"","_kad_post_feature_position":"","_kad_post_header":false,"_kad_post_footer":false,"footnotes":""},"categories":[1],"tags":[],"class_list":["post-92","post","type-post","status-publish","format-standard","hentry","category-uncategorized"],"_links":{"self":[{"href":"https:\/\/www.kinderarzt-ahrens.de\/index.php\/wp-json\/wp\/v2\/posts\/92","targetHints":{"allow":["GET"]}}],"collection":[{"href":"https:\/\/www.kinderarzt-ahrens.de\/index.php\/wp-json\/wp\/v2\/posts"}],"about":[{"href":"https:\/\/www.kinderarzt-ahrens.de\/index.php\/wp-json\/wp\/v2\/types\/post"}],"author":[{"embeddable":true,"href":"https:\/\/www.kinderarzt-ahrens.de\/index.php\/wp-json\/wp\/v2\/users\/1"}],"replies":[{"embeddable":true,"href":"https:\/\/www.kinderarzt-ahrens.de\/index.php\/wp-json\/wp\/v2\/comments?post=92"}],"version-history":[{"count":43,"href":"https:\/\/www.kinderarzt-ahrens.de\/index.php\/wp-json\/wp\/v2\/posts\/92\/revisions"}],"predecessor-version":[{"id":2030,"href":"https:\/\/www.kinderarzt-ahrens.de\/index.php\/wp-json\/wp\/v2\/posts\/92\/revisions\/2030"}],"wp:attachment":[{"href":"https:\/\/www.kinderarzt-ahrens.de\/index.php\/wp-json\/wp\/v2\/media?parent=92"}],"wp:term":[{"taxonomy":"category","embeddable":true,"href":"https:\/\/www.kinderarzt-ahrens.de\/index.php\/wp-json\/wp\/v2\/categories?post=92"},{"taxonomy":"post_tag","embeddable":true,"href":"https:\/\/www.kinderarzt-ahrens.de\/index.php\/wp-json\/wp\/v2\/tags?post=92"}],"curies":[{"name":"wp","href":"https:\/\/api.w.org\/{rel}","templated":true}]}}